{"id":104203,"date":"2022-11-17T10:41:56","date_gmt":"2022-11-17T09:41:56","guid":{"rendered":"https:\/\/ggwsf.org\/wordpress\/?p=104203"},"modified":"2022-11-23T16:14:04","modified_gmt":"2022-11-23T15:14:04","slug":"104203","status":"publish","type":"post","link":"https:\/\/ggwsf.org\/wordpress\/2022\/11\/17\/104203\/","title":{"rendered":"Weihnachtskonzert 2022"},"content":{"rendered":"<p>Am 19.12.2022 ist es wieder soweit. Das Goethegymnasium pr\u00e4sentiert um 17 und 19 Uhr das diesj\u00e4hrige Weihnachtskonzert in der Aula der Schule. Nach wochenlanger Vorbereitung zeigen die Ch\u00f6re, Solisten, Musik- und Tanzgruppen ihr K\u00f6nnen in weihnachtlicher Atmosph\u00e4re. Das Publikum erwartet ein buntes, besinnliches Programm, in dem die Weihnachtszeit gefeiert wird. Karten f\u00fcr beide Veranstaltungen gibt es ab dem 28.11.2022 in Haus 1 bei Frau Kunze sowie in Haus 2 bei Frau Gei\u00dfler. Die Mitwirkenden freuen sich sehr auf die Veranstaltung und hoffen dem zahlreichen Publikum eine sch\u00f6ne Zeit bereiten zu k\u00f6nnen.<\/p>\n","protected":false},"excerpt":{"rendered":"<p>Am 19.12.2022 ist es wieder soweit. Das Goethegymnasium pr\u00e4sentiert um 17 und 19 Uhr das diesj\u00e4hrige Weihnachtskonzert in der Aula der Schule. Nach wochenlanger Vorbereitung zeigen die Ch\u00f6re, Solisten, Musik- und Tanzgruppen ihr K\u00f6nnen in weihnachtlicher Atmosph\u00e4re. Das Publikum erwartet ein buntes, besinnliches Programm, in dem die Weihnachtszeit gefeiert wird. Karten f\u00fcr beide Veranstaltungen gibt &hellip; <a href=\"https:\/\/ggwsf.org\/wordpress\/2022\/11\/17\/104203\/\" class=\"more-link\"><span class=\"screen-reader-text\">Weihnachtskonzert 2022<\/span> weiterlesen <span class=\"meta-nav\">&rarr;<\/span><\/a><\/p>\n","protected":false},"author":1361,"featured_media":0,"comment_status":"closed","ping_status":"open","sticky":false,"template":"","format":"standard","meta":{"footnotes":""},"categories":[2],"tags":[],"class_list":["post-104203","post","type-post","status-publish","format-standard","hentry","category-kunst-und-kultur"],"_links":{"self":[{"href":"https:\/\/ggwsf.org\/wordpress\/wp-json\/wp\/v2\/posts\/104203","targetHints":{"allow":["GET"]}}],"collection":[{"href":"https:\/\/ggwsf.org\/wordpress\/wp-json\/wp\/v2\/posts"}],"about":[{"href":"https:\/\/ggwsf.org\/wordpress\/wp-json\/wp\/v2\/types\/post"}],"author":[{"embeddable":true,"href":"https:\/\/ggwsf.org\/wordpress\/wp-json\/wp\/v2\/users\/1361"}],"replies":[{"embeddable":true,"href":"https:\/\/ggwsf.org\/wordpress\/wp-json\/wp\/v2\/comments?post=104203"}],"version-history":[{"count":3,"href":"https:\/\/ggwsf.org\/wordpress\/wp-json\/wp\/v2\/posts\/104203\/revisions"}],"predecessor-version":[{"id":104211,"href":"https:\/\/ggwsf.org\/wordpress\/wp-json\/wp\/v2\/posts\/104203\/revisions\/104211"}],"wp:attachment":[{"href":"https:\/\/ggwsf.org\/wordpress\/wp-json\/wp\/v2\/media?parent=104203"}],"wp:term":[{"taxonomy":"category","embeddable":true,"href":"https:\/\/ggwsf.org\/wordpress\/wp-json\/wp\/v2\/categories?post=104203"},{"taxonomy":"post_tag","embeddable":true,"href":"https:\/\/ggwsf.org\/wordpress\/wp-json\/wp\/v2\/tags?post=104203"}],"curies":[{"name":"wp","href":"https:\/\/api.w.org\/{rel}","templated":true}]}}