{"id":104222,"date":"2022-12-06T08:49:23","date_gmt":"2022-12-06T07:49:23","guid":{"rendered":"https:\/\/ggwsf.org\/wordpress\/?p=104222"},"modified":"2022-12-06T08:54:46","modified_gmt":"2022-12-06T07:54:46","slug":"politische-bildung-wird-praxis","status":"publish","type":"post","link":"https:\/\/ggwsf.org\/wordpress\/2022\/12\/06\/politische-bildung-wird-praxis\/","title":{"rendered":"Politische Bildung wird Praxis"},"content":{"rendered":"<p><a href=\"https:\/\/ggwsf.org\/wordpress\/wp-content\/uploads\/2022\/12\/Besuch-landtag.jpg\" target=\"_blank\" rel=\"noopener\"><img decoding=\"async\" src=\"https:\/\/ggwsf.org\/wordpress\/wp-content\/uploads\/2022\/12\/Besuch-landtag.jpg\" alt=\"\" width=\"350\" class=\"alignright\" style=\"margin-right:20px; margin-top: 30px;\"\/><\/a><\/p>\n<p>Wir, die 10.Klassen, haben am 17.11.2022 mit unseren Sozialkunde -lehrern Frau Scherf, Herrn Rauschenberg und Herrn Artus einen Ausflug zum Landtag nach Magdeburg gemacht. Gemeinsam fuhren wir mit dem Bus 2 Stunden zum Landtag. Dort hatten wir nochmal knapp 2 Stunden Zeit, um uns in unserer Landeshauptstadt umzusehen. <\/p>\n<p>Um 12 Uhr trafen wir uns wieder am Landtag. Nach einer kurzen Sicherheitskontrolle wurden wir direkt von Elke Simon-Kuch in Empfang genommen. Bevor wir ihr Fragen stellen durften, stellte sie sich uns vor. Wir erfuhren, dass sie in unserer Region (L\u00fctzen, Teuchern, Wei\u00dfenfels) das Direktmandat gewonnen hat. Sie war sehr bem\u00fcht ,alle unsere Fragen zu beantworten, welche sich um Themen wie die Unsicherheit in der Neustadt, die fehlenden Freizeitangebote f\u00fcr Jugendliche in Wei\u00dfenfels, aber auch wie sie das Innovations- und Gr\u00fcnderzentrum in Wei\u00dfenfels umsetzen wollte, drehten. Neben diesen politischen Fragen beantwortete sie auch pers\u00f6nliche Fragen. Wir wollten wissen, ob sie sich vorstellen k\u00f6nnte, f\u00fcr ein Mandat auf Bundesebene anzutreten. Dies beantwortete sie mit einem klaren Nein, da sie ihrer Meinung nach auf Landesebene f\u00fcr ihren Wahlkreis und den Burgenlandkreis mehr bewegen k\u00f6nne. Nach einer Stunde musste die Debatte beendet werden, Frau Elke Simon-Kuch bat allerdings eine Fortsetzung in Wei\u00dfenfels an.<!--more--><\/p>\n<p>Daraufhin wurden wir in zwei Gruppen geteilt und bekamen eine kleine F\u00fchrung durch den Landtag. Zu unserem Erstaunen war dieses Geb\u00e4ude fr\u00fcher eine Schule gewesen. Alte Unterrichtsr\u00e4ume wurden zu Ausschussberatungsr\u00e4umen umgebaut und die Aula ist heute der Plenarsaal. In diesem endete die F\u00fchrung. Zu unserem Gl\u00fcck fand eine Debatte statt, welche wir von der Trib\u00fcne aus beobachten konnten.  Thema war  die Einf\u00fchrung des B\u00fcrgergeldes.  So bekamen wir einen unmittelbaren Eindruck von der Streitkultur in unserem Landtag und konnten uns eine eigene Meinung zu dem Geschehen bilden.<\/p>\n<p>Im Anschluss daran besuchten wir die im Landtag neu er\u00f6ffnete Ausstellung  \u201eLeseland  DDR\u201c. Bevor wir uns umschauen durften, richtete noch die Justizministerin Franziska Weidinger (CDU) und der stellvertretende Fraktionsvorsitzende der CDU Frank Bommersbach ein paar Worte an uns. Danach wurde jedem ein Abschiedsgeschenk der CDU \u00fcberreicht und es ging f\u00fcr uns wieder nach Wei\u00dfenfels.<\/p>\n<p>Es war ein sehr interessanter Tag, bei dem wir viel \u00fcber die Arbeitsweise des Landtages gelernt haben. Au\u00dferdem haben wir einen sehr ausf\u00fchrlichen Einblick in das Leben eines Abgeordneten gewonnen und konnten dabei sein, wenn  richtige Politiker eine Debatte f\u00fchren.<\/p>\n<p>&nbsp;<\/p>\n<p>Jannis Rausch, Cara Gro\u00dfmann 10b<\/p>\n","protected":false},"excerpt":{"rendered":"<p>Wir, die 10.Klassen, haben am 17.11.2022 mit unseren Sozialkunde -lehrern Frau Scherf, Herrn Rauschenberg und Herrn Artus einen Ausflug zum Landtag nach Magdeburg gemacht. Gemeinsam fuhren wir mit dem Bus 2 Stunden zum Landtag. Dort hatten wir nochmal knapp 2 Stunden Zeit, um uns in unserer Landeshauptstadt umzusehen. Um 12 Uhr trafen wir uns wieder &hellip; <a href=\"https:\/\/ggwsf.org\/wordpress\/2022\/12\/06\/politische-bildung-wird-praxis\/\" class=\"more-link\"><span class=\"screen-reader-text\">Politische Bildung wird Praxis<\/span> weiterlesen <span class=\"meta-nav\">&rarr;<\/span><\/a><\/p>\n","protected":false},"author":1,"featured_media":0,"comment_status":"closed","ping_status":"open","sticky":false,"template":"","format":"standard","meta":{"footnotes":""},"categories":[1],"tags":[],"class_list":["post-104222","post","type-post","status-publish","format-standard","hentry","category-allgemein"],"_links":{"self":[{"href":"https:\/\/ggwsf.org\/wordpress\/wp-json\/wp\/v2\/posts\/104222","targetHints":{"allow":["GET"]}}],"collection":[{"href":"https:\/\/ggwsf.org\/wordpress\/wp-json\/wp\/v2\/posts"}],"about":[{"href":"https:\/\/ggwsf.org\/wordpress\/wp-json\/wp\/v2\/types\/post"}],"author":[{"embeddable":true,"href":"https:\/\/ggwsf.org\/wordpress\/wp-json\/wp\/v2\/users\/1"}],"replies":[{"embeddable":true,"href":"https:\/\/ggwsf.org\/wordpress\/wp-json\/wp\/v2\/comments?post=104222"}],"version-history":[{"count":6,"href":"https:\/\/ggwsf.org\/wordpress\/wp-json\/wp\/v2\/posts\/104222\/revisions"}],"predecessor-version":[{"id":104224,"href":"https:\/\/ggwsf.org\/wordpress\/wp-json\/wp\/v2\/posts\/104222\/revisions\/104224"}],"wp:attachment":[{"href":"https:\/\/ggwsf.org\/wordpress\/wp-json\/wp\/v2\/media?parent=104222"}],"wp:term":[{"taxonomy":"category","embeddable":true,"href":"https:\/\/ggwsf.org\/wordpress\/wp-json\/wp\/v2\/categories?post=104222"},{"taxonomy":"post_tag","embeddable":true,"href":"https:\/\/ggwsf.org\/wordpress\/wp-json\/wp\/v2\/tags?post=104222"}],"curies":[{"name":"wp","href":"https:\/\/api.w.org\/{rel}","templated":true}]}}