{"id":104389,"date":"2023-10-10T11:04:15","date_gmt":"2023-10-10T09:04:15","guid":{"rendered":"https:\/\/ggwsf.org\/wordpress\/?p=104389"},"modified":"2023-10-10T11:04:15","modified_gmt":"2023-10-10T09:04:15","slug":"eine-woche-fuer-die-erinnerung","status":"publish","type":"post","link":"https:\/\/ggwsf.org\/wordpress\/2023\/10\/10\/eine-woche-fuer-die-erinnerung\/","title":{"rendered":"Eine Woche f\u00fcr die Erinnerung!"},"content":{"rendered":"<p>Nach monatelanger Planung der Lehrer und wochenlanger Vorfreude der Sch\u00fcler ging es am Samstagabend, dem 16. September, in den Bus nach Italien. Die Busfahrt gestaltete sich sehr lang und in welchem Wort steckt ,,lang\u201c? Richtig in ,,langweilig\u201c. Umso spannender wurde es dann als wir nach 18h Fahrt in der ewigen Stadt, Rom, ankamen.<br \/>\nDirekt nach der Ankunft in unserer Ferienanlage, etwas abgelegen vom Zentrum Roms, ging es f\u00fcr uns ins kleine Altstadtviertel \u201eTrastevere\u201c. Dort wurden wir mit vielen Brunnen, kleinen Br\u00fccken sowie romantischem Ambiente auf unseren Aufenthalt in Rom eingestimmt. Da es bereits Abend wurde, sind wir mit der Metro in unsere Unterkunft zur\u00fcckgefahren und hatten somit den ganzen \u201eRestabend\u201c um auszupacken, sowie uns einzuleben.<br \/>\nMontag brachen wir bereits sehr fr\u00fch auf, weil, so wie es das Schicksal vorgesehen hatte, an diesem Tag Generalstreiktag der Verkehrsbetriebe in ganz Rom war. Das bedeutete also: sehr eingeschr\u00e4nkter Bus- beziehungsweise Bahnverkehr. Nach unserer gl\u00fccklichen Ankunft in der Stadt und einem kurzen Blick auf das Kolosseum von au\u00dfen sowie auf den Triumphbogen machten wir uns auf den Weg zum Forum Romanum. Dort konnten wir den historischen r\u00f6mischen Marktplatz mit \u00dcberresten alter Tempel, Gasth\u00e4user und Thermen betrachten. Anschlie\u00dfend statteten wir dem Kapitolinischen Museum einen Besuch ab und hatten danach Freizeit, bis es abends zur\u00fcck in unsere Bungalows ging, wo dann unser gro\u00dfer \u201eNudelso\u00dfenwettbewerb\u201c stattfand. Bei diesem kreierte jeder Bungalow seine individuelle So\u00dfe, welche dann von unserer Jury ausgewertet wurde.<br \/>\nAm folgenden Morgen erwartete uns der Besuch im heiligen Hause des Papstes, dem Petersdom. Dieser Besuch begann mit dem Aufstieg zur Kuppel des Domes. Einmal oben angekommen, konnten wir die atemberaubende Aussicht \u00fcber Rom bestaunen. Danach stiegen wir hinunter in den Dom und sp\u00e4ter folgte ein kurzer Abstecher zur Engelsburg und ohne Umweg liefen wir zur Piazza Navona und anschlie\u00dfend zum Pantheon. Sp\u00e4ter fand das Highlight des Tages, wenn nicht sogar der ganzen Studienfahrt statt. Der Pizzakochkurs. Mit einem waschechten Italiener und Anleitung backte jeder jeweils seine Pizza Margherita, die allen sehr gut schmeckte. Am Abend konnten wir selbstst\u00e4ndig zum Trevi- Brunnen und danach zur Spanischen Treppe laufen, bei der uns die Lehrer nochmals ausdr\u00fccklich warnten, uns auf die Stufen zu setzen, denn \u201edas geht ins Geld!\u201c<br \/>\nAm Mittwoch bekamen wir dann eine kurze Pause vom Gro\u00dfstadtget\u00fcmmel, wir fuhren auf das Land zur Villa d`Este- eine ger\u00e4umige Renaissance-Villa mit gro\u00dfem Gartenparadies. Dieser Garten ist mit seinen 4,5 Hektar zwar nicht zu vergleichen mit dem Garten von Versailles, dennoch aber mit seinen vielen verschiedenen Pflanzen und aufwendig gestalteten Brunnen, sehr bewundernswert. Eine kleine Abk\u00fchlung konnten wir uns dann beim Baden im Meer bei Ostia holen. Dieser Tag bildete also einen Kontrast zur Gro\u00dfstadt Rom und machte uns allen ebenfalls sehr viel Spa\u00df.<br \/>\nDarauf folgte nun schon der letzte Tag. Er begann mit der \u201eDomus Romanae\u201c. Das ist eine Villa unter der Erde, mitten in Rom. In einer Tour wurde uns mithilfe von Audioguides und Projektionen ein Einblick dazu gegeben, was wir gerade dort vor uns sehen und auch wie diese Fundamente wohl fr\u00fcher einmal als R\u00e4ume einer r\u00f6mischen Villa ausgesehen haben k\u00f6nnten. Als Abschluss unserer Studienfahrt besuchten wir das Kolosseum von innen und<\/p>\n<p>konnten uns einmal vorstellen, selbst ein Zuschauer vor mehreren Jahrhunderten zu sein, der gerade seinen Platz aufsucht, um sich die neuesten Gladiatorenk\u00e4mpfe anzusehen. Dann fuhren wir zur\u00fcck nach Hause und kamen rund 20h sp\u00e4ter (schweren Herzens) in Wei\u00dfenfels an.<br \/>\nSo nahm auch eine sehr erlebnisreiche Woche, in der wir viel gelernt, gelacht und gesehen haben, ein Ende. Diese Woche st\u00e4rkte vor allem den Zusammenhalt im Jahrgang und bot uns eine Auszeit vom Schulleben. Alles in allem kann man es als \u201eWoche f\u00fcr die Erinnerung\u201c bezeichnen.<br \/>\nGreta Scheunpflung(10a), Kenai Hahn(10d) und Emily Korn(10d)<\/p>\n","protected":false},"excerpt":{"rendered":"<p>Nach monatelanger Planung der Lehrer und wochenlanger Vorfreude der Sch\u00fcler ging es am Samstagabend, dem 16. September, in den Bus nach Italien. Die Busfahrt gestaltete sich sehr lang und in welchem Wort steckt ,,lang\u201c? Richtig in ,,langweilig\u201c. Umso spannender wurde es dann als wir nach 18h Fahrt in der ewigen Stadt, Rom, ankamen. Direkt nach &hellip; <a href=\"https:\/\/ggwsf.org\/wordpress\/2023\/10\/10\/eine-woche-fuer-die-erinnerung\/\" class=\"more-link\"><span class=\"screen-reader-text\">Eine Woche f\u00fcr die Erinnerung!<\/span> weiterlesen <span class=\"meta-nav\">&rarr;<\/span><\/a><\/p>\n","protected":false},"author":1361,"featured_media":0,"comment_status":"closed","ping_status":"open","sticky":false,"template":"","format":"standard","meta":{"footnotes":""},"categories":[1],"tags":[],"class_list":["post-104389","post","type-post","status-publish","format-standard","hentry","category-allgemein"],"_links":{"self":[{"href":"https:\/\/ggwsf.org\/wordpress\/wp-json\/wp\/v2\/posts\/104389","targetHints":{"allow":["GET"]}}],"collection":[{"href":"https:\/\/ggwsf.org\/wordpress\/wp-json\/wp\/v2\/posts"}],"about":[{"href":"https:\/\/ggwsf.org\/wordpress\/wp-json\/wp\/v2\/types\/post"}],"author":[{"embeddable":true,"href":"https:\/\/ggwsf.org\/wordpress\/wp-json\/wp\/v2\/users\/1361"}],"replies":[{"embeddable":true,"href":"https:\/\/ggwsf.org\/wordpress\/wp-json\/wp\/v2\/comments?post=104389"}],"version-history":[{"count":1,"href":"https:\/\/ggwsf.org\/wordpress\/wp-json\/wp\/v2\/posts\/104389\/revisions"}],"predecessor-version":[{"id":104390,"href":"https:\/\/ggwsf.org\/wordpress\/wp-json\/wp\/v2\/posts\/104389\/revisions\/104390"}],"wp:attachment":[{"href":"https:\/\/ggwsf.org\/wordpress\/wp-json\/wp\/v2\/media?parent=104389"}],"wp:term":[{"taxonomy":"category","embeddable":true,"href":"https:\/\/ggwsf.org\/wordpress\/wp-json\/wp\/v2\/categories?post=104389"},{"taxonomy":"post_tag","embeddable":true,"href":"https:\/\/ggwsf.org\/wordpress\/wp-json\/wp\/v2\/tags?post=104389"}],"curies":[{"name":"wp","href":"https:\/\/api.w.org\/{rel}","templated":true}]}}