{"id":104516,"date":"2024-09-18T17:14:54","date_gmt":"2024-09-18T15:14:54","guid":{"rendered":"https:\/\/ggwsf.org\/wordpress\/?p=104516"},"modified":"2024-09-18T17:14:54","modified_gmt":"2024-09-18T15:14:54","slug":"tag-der-offenen-tuer-2","status":"publish","type":"post","link":"https:\/\/ggwsf.org\/wordpress\/2024\/09\/18\/tag-der-offenen-tuer-2\/","title":{"rendered":"Tag der offenen T\u00fcr"},"content":{"rendered":"<p>Am 25.10.2024 ist es wieder soweit!<br \/>\nDann m\u00f6chten wir Euch, liebe Grundsch\u00fcler der 4. Klassen, Eure Familien sowie alle Interessierten zum Tag der offenen T\u00fcr an unserer Schule herzlich einladen.<br \/>\nNach einer gemeinsamen Er\u00f6ffnung um 16 Uhr in der Aula werdet ihr unsere Schule in einer spannenden Rallye erkunden. Dabei k\u00f6nnt ihr in neuen Unterrichtsf\u00e4chern wie Chemie oder Physik tolle Experimente beobachten oder in Geschichte und Geographie entdecken, was euch in den kommenden Schuljahren bei uns erwartet. Nach einer kleinen St\u00e4rkung in unseren Sch\u00fclercafe\u00b4s erhascht ihr vielleicht noch einen kleinen Einblick in unser aktuelles Musical-Projekt!<br \/>\nUnsere Schule steht bis ca. 19 Uhr f\u00fcr Euch offen.<\/p>\n<p>Wir freuen uns auf Euch und Eure Familien!<\/p>\n","protected":false},"excerpt":{"rendered":"<p>Am 25.10.2024 ist es wieder soweit! Dann m\u00f6chten wir Euch, liebe Grundsch\u00fcler der 4. Klassen, Eure Familien sowie alle Interessierten zum Tag der offenen T\u00fcr an unserer Schule herzlich einladen. Nach einer gemeinsamen Er\u00f6ffnung um 16 Uhr in der Aula werdet ihr unsere Schule in einer spannenden Rallye erkunden. Dabei k\u00f6nnt ihr in neuen Unterrichtsf\u00e4chern &hellip; <a href=\"https:\/\/ggwsf.org\/wordpress\/2024\/09\/18\/tag-der-offenen-tuer-2\/\" class=\"more-link\"><span class=\"screen-reader-text\">Tag der offenen T\u00fcr<\/span> weiterlesen <span class=\"meta-nav\">&rarr;<\/span><\/a><\/p>\n","protected":false},"author":1361,"featured_media":0,"comment_status":"closed","ping_status":"open","sticky":false,"template":"","format":"standard","meta":{"footnotes":""},"categories":[1,3],"tags":[],"class_list":["post-104516","post","type-post","status-publish","format-standard","hentry","category-allgemein","category-news"],"_links":{"self":[{"href":"https:\/\/ggwsf.org\/wordpress\/wp-json\/wp\/v2\/posts\/104516","targetHints":{"allow":["GET"]}}],"collection":[{"href":"https:\/\/ggwsf.org\/wordpress\/wp-json\/wp\/v2\/posts"}],"about":[{"href":"https:\/\/ggwsf.org\/wordpress\/wp-json\/wp\/v2\/types\/post"}],"author":[{"embeddable":true,"href":"https:\/\/ggwsf.org\/wordpress\/wp-json\/wp\/v2\/users\/1361"}],"replies":[{"embeddable":true,"href":"https:\/\/ggwsf.org\/wordpress\/wp-json\/wp\/v2\/comments?post=104516"}],"version-history":[{"count":1,"href":"https:\/\/ggwsf.org\/wordpress\/wp-json\/wp\/v2\/posts\/104516\/revisions"}],"predecessor-version":[{"id":104517,"href":"https:\/\/ggwsf.org\/wordpress\/wp-json\/wp\/v2\/posts\/104516\/revisions\/104517"}],"wp:attachment":[{"href":"https:\/\/ggwsf.org\/wordpress\/wp-json\/wp\/v2\/media?parent=104516"}],"wp:term":[{"taxonomy":"category","embeddable":true,"href":"https:\/\/ggwsf.org\/wordpress\/wp-json\/wp\/v2\/categories?post=104516"},{"taxonomy":"post_tag","embeddable":true,"href":"https:\/\/ggwsf.org\/wordpress\/wp-json\/wp\/v2\/tags?post=104516"}],"curies":[{"name":"wp","href":"https:\/\/api.w.org\/{rel}","templated":true}]}}