{"id":104608,"date":"2025-03-12T14:21:45","date_gmt":"2025-03-12T13:21:45","guid":{"rendered":"https:\/\/ggwsf.org\/wordpress\/?p=104608"},"modified":"2025-03-12T14:27:08","modified_gmt":"2025-03-12T13:27:08","slug":"skilager-der-8-klassen-2025","status":"publish","type":"post","link":"https:\/\/ggwsf.org\/wordpress\/2025\/03\/12\/skilager-der-8-klassen-2025\/","title":{"rendered":"Skilager der 8. Klassen 2025"},"content":{"rendered":"<p>Die Woche im Skilager vom 23. Februar 2025 bis zu dem 28 Februar 2025 in Murau war f\u00fcr alle 8. Klassen eine unvergessliche Erfahrung voller Schnee, Spa\u00df und Herausforderungen, an die wir gerne mit einem L\u00e4cheln zur\u00fcckdenken. Wir wurden in verschiedene Gruppen eingeteilt, die unserem jeweiligen Leistungsstand entsprachen, sodass wir gezielt an unseren F\u00e4higkeiten arbeiten konnten. Unsere Lehrer vermittelten uns alles, was man f\u00fcrs Skifahren braucht \u2013 von den Grundlagen der Sicherheit bis hin zu fortgeschrittenen Techniken wie Carving und Freestyle-Skitricks. Wir waren in einem JUFA-Hotel untergebracht und f\u00fchlten uns schon beim Betreten sofort wohl. Es war eine Freude, dort sechs Tage verbringen zu d\u00fcrfen. Besonders abends, wenn wir zu einer entspannten Runde zusammenkamen, um den vergangenen Tag auszuwerten, entstand eine tolle Atmosph\u00e4re, die den Tag perfekt abrundete. Wir waren sehr dankbar, dass unsere Lehrer alles gut organisiert hatten, sodass wir sowohl die Zeit auf der Piste als auch in unserer Freizeit genie\u00dfen konnten. Nun ist das Skilager leider vorbei, doch die sch\u00f6nen Momente und Erinnerungen werden immer bleiben.<\/p>\n<p>Autoren: Juri Jove 8a, Oscar Staake 8a<\/p>\n<p><a href=\"https:\/\/ggwsf.org\/wordpress\/wp-content\/uploads\/2025\/03\/video-20250304-191331-9946bfcf.mov\">Video Skilager 2025<\/a><\/p>\n<div class=\"wp-playlist wp-video-playlist wp-playlist-light\">\n\t\t<video controls=\"controls\" preload=\"none\" width=\"582\"\n\t\t height=\"1258\"\t><\/video>\n\t<div class=\"wp-playlist-next\"><\/div>\n\t<div class=\"wp-playlist-prev\"><\/div>\n\t<noscript>\n\t<ol>\n\t\t<li><a href='https:\/\/ggwsf.org\/wordpress\/wp-content\/uploads\/2025\/03\/video-20250304-191331-9946bfcf.mov'>Video Skilager 2025<\/a><\/li>\t<\/ol>\n\t<\/noscript>\n\t<script type=\"application\/json\" class=\"wp-playlist-script\">{\"type\":\"video\",\"tracklist\":true,\"tracknumbers\":true,\"images\":true,\"artists\":true,\"tracks\":[{\"src\":\"https:\/\/ggwsf.org\/wordpress\/wp-content\/uploads\/2025\/03\/video-20250304-191331-9946bfcf.mov\",\"type\":\"video\/quicktime\",\"title\":\"Video Skilager 2025\",\"caption\":\"\",\"description\":\"\",\"meta\":{\"length_formatted\":\"1:18\"},\"dimensions\":{\"original\":{\"width\":296,\"height\":640},\"resized\":{\"width\":582,\"height\":1258}},\"image\":{\"src\":\"https:\/\/ggwsf.org\/wordpress\/wp-includes\/images\/media\/video.svg\",\"width\":48,\"height\":64},\"thumb\":{\"src\":\"https:\/\/ggwsf.org\/wordpress\/wp-includes\/images\/media\/video.svg\",\"width\":48,\"height\":64}}]}<\/script>\n<\/div>\n\t\n","protected":false},"excerpt":{"rendered":"<p>Die Woche im Skilager vom 23. Februar 2025 bis zu dem 28 Februar 2025 in Murau war f\u00fcr alle 8. Klassen eine unvergessliche Erfahrung voller Schnee, Spa\u00df und Herausforderungen, an die wir gerne mit einem L\u00e4cheln zur\u00fcckdenken. Wir wurden in verschiedene Gruppen eingeteilt, die unserem jeweiligen Leistungsstand entsprachen, sodass wir gezielt an unseren F\u00e4higkeiten arbeiten &hellip; <a href=\"https:\/\/ggwsf.org\/wordpress\/2025\/03\/12\/skilager-der-8-klassen-2025\/\" class=\"more-link\"><span class=\"screen-reader-text\">Skilager der 8. Klassen 2025<\/span> weiterlesen <span class=\"meta-nav\">&rarr;<\/span><\/a><\/p>\n","protected":false},"author":1361,"featured_media":0,"comment_status":"closed","ping_status":"open","sticky":false,"template":"","format":"standard","meta":{"footnotes":""},"categories":[14],"tags":[],"class_list":["post-104608","post","type-post","status-publish","format-standard","hentry","category-sport-und-sportwettkaempe"],"_links":{"self":[{"href":"https:\/\/ggwsf.org\/wordpress\/wp-json\/wp\/v2\/posts\/104608","targetHints":{"allow":["GET"]}}],"collection":[{"href":"https:\/\/ggwsf.org\/wordpress\/wp-json\/wp\/v2\/posts"}],"about":[{"href":"https:\/\/ggwsf.org\/wordpress\/wp-json\/wp\/v2\/types\/post"}],"author":[{"embeddable":true,"href":"https:\/\/ggwsf.org\/wordpress\/wp-json\/wp\/v2\/users\/1361"}],"replies":[{"embeddable":true,"href":"https:\/\/ggwsf.org\/wordpress\/wp-json\/wp\/v2\/comments?post=104608"}],"version-history":[{"count":3,"href":"https:\/\/ggwsf.org\/wordpress\/wp-json\/wp\/v2\/posts\/104608\/revisions"}],"predecessor-version":[{"id":104612,"href":"https:\/\/ggwsf.org\/wordpress\/wp-json\/wp\/v2\/posts\/104608\/revisions\/104612"}],"wp:attachment":[{"href":"https:\/\/ggwsf.org\/wordpress\/wp-json\/wp\/v2\/media?parent=104608"}],"wp:term":[{"taxonomy":"category","embeddable":true,"href":"https:\/\/ggwsf.org\/wordpress\/wp-json\/wp\/v2\/categories?post=104608"},{"taxonomy":"post_tag","embeddable":true,"href":"https:\/\/ggwsf.org\/wordpress\/wp-json\/wp\/v2\/tags?post=104608"}],"curies":[{"name":"wp","href":"https:\/\/api.w.org\/{rel}","templated":true}]}}