{"id":14620,"date":"2021-04-23T14:05:28","date_gmt":"2021-04-23T12:05:28","guid":{"rendered":"https:\/\/ggwsf.org\/wordpress\/?p=14620"},"modified":"2021-04-23T14:05:28","modified_gmt":"2021-04-23T12:05:28","slug":"hinweise-zum-infektionsschutzgesetz-vom-23-04-21","status":"publish","type":"post","link":"https:\/\/ggwsf.org\/wordpress\/2021\/04\/23\/hinweise-zum-infektionsschutzgesetz-vom-23-04-21\/","title":{"rendered":"Hinweise zum Infektionsschutzgesetz vom 23.04.21"},"content":{"rendered":"<p>Liebe Kolleginnen und Kollegen,<\/p>\n<p>mit Wirkung des Infektionsschutzgesetzes der Bundesrepublik Deutschland ab 24.04.2021 treten f\u00fcr unsere Schule folgende Ma\u00dfnahmen in Kraft:<\/p>\n<p>Da unser Burgenlandkreis den Schwellenwert der 7-Tage-Inzidens von 165 seit Monaten  \u00fcberschritten  hat  und  auch  absehbar  weiter  \u00fcberschreiten  wird, m\u00fcssen  alle  Sch\u00fclerinnen  und  Sch\u00fcler  der  Klassenstufen5-10  ab  Montag,  d. 26.04.21, in den Distanzunterricht gehen.<\/p>\n<p>Alle  Kolleginnen  und  Kollegensind  verpflichtet,  diesen  Distanzunterricht durchzuf\u00fchren.<\/p>\n<p>Wenn  der  Inzidenswert  an  7  hintereinander  folgenden  Werktagen  unter  165 liegt, kehren wir in den Wechselunterricht zur\u00fcck, wenn dieser f\u00fcr den gleichen Zeitraum unter 100 f\u00e4llt, ist Pr\u00e4senzunterricht m\u00f6glich.<!--more--><\/p>\n<p>Die Pr\u00fcfungen der Klassenstufe 12 werden ab 26.04.21 \u201307.05.21 planm\u00e4\u00dfig durchgef\u00fchrt.<\/p>\n<p>Vom Ministerium f\u00fcr Bildung wird die M\u00f6glichkeit einger\u00e4umt, die 11. Klassen in den Pr\u00e4senzunterricht zu f\u00fchren.<\/p>\n<p>Aufgrund   der   organisatorischen   Vorbereitung   wird   die   Schulleitung   von diesem  Angebot  ab  Dienstag,  d.  27.04.21,  Gebrauch  machen,  wenn  unser Schultr\u00e4ger keine anderen Bestimmungen erl\u00e4sst.<\/p>\n<p>Es  besteht  die  M\u00f6glichkeit,  bis  zu  15  Sch\u00fcler  in  einem  Klassenraum  zu unterrichten.<\/p>\n<p>Wenn die Kurse h\u00f6here Teilnehmerzahlen aufweisen, wird der Unterricht eines Kurses in zwei R\u00e4umen gleichzeitig gef\u00fchrt.<\/p>\n<p>Bis zum Montag 15.00 Uhr erhalten Sie weitere konkrete Hinweise.<\/p>\n<p><p>Dr. Mannke\/Hr. O\u00dfwald<\/p>\n","protected":false},"excerpt":{"rendered":"<p>Liebe Kolleginnen und Kollegen, mit Wirkung des Infektionsschutzgesetzes der Bundesrepublik Deutschland ab 24.04.2021 treten f\u00fcr unsere Schule folgende Ma\u00dfnahmen in Kraft: Da unser Burgenlandkreis den Schwellenwert der 7-Tage-Inzidens von 165 seit Monaten \u00fcberschritten hat und auch absehbar weiter \u00fcberschreiten wird, m\u00fcssen alle Sch\u00fclerinnen und Sch\u00fcler der Klassenstufen5-10 ab Montag, d. 26.04.21, in den Distanzunterricht gehen. &hellip; <a href=\"https:\/\/ggwsf.org\/wordpress\/2021\/04\/23\/hinweise-zum-infektionsschutzgesetz-vom-23-04-21\/\" class=\"more-link\"><span class=\"screen-reader-text\">Hinweise zum Infektionsschutzgesetz vom 23.04.21<\/span> weiterlesen <span class=\"meta-nav\">&rarr;<\/span><\/a><\/p>\n","protected":false},"author":1,"featured_media":0,"comment_status":"closed","ping_status":"open","sticky":false,"template":"","format":"standard","meta":{"footnotes":""},"categories":[1],"tags":[],"class_list":["post-14620","post","type-post","status-publish","format-standard","hentry","category-allgemein"],"_links":{"self":[{"href":"https:\/\/ggwsf.org\/wordpress\/wp-json\/wp\/v2\/posts\/14620","targetHints":{"allow":["GET"]}}],"collection":[{"href":"https:\/\/ggwsf.org\/wordpress\/wp-json\/wp\/v2\/posts"}],"about":[{"href":"https:\/\/ggwsf.org\/wordpress\/wp-json\/wp\/v2\/types\/post"}],"author":[{"embeddable":true,"href":"https:\/\/ggwsf.org\/wordpress\/wp-json\/wp\/v2\/users\/1"}],"replies":[{"embeddable":true,"href":"https:\/\/ggwsf.org\/wordpress\/wp-json\/wp\/v2\/comments?post=14620"}],"version-history":[{"count":2,"href":"https:\/\/ggwsf.org\/wordpress\/wp-json\/wp\/v2\/posts\/14620\/revisions"}],"predecessor-version":[{"id":14622,"href":"https:\/\/ggwsf.org\/wordpress\/wp-json\/wp\/v2\/posts\/14620\/revisions\/14622"}],"wp:attachment":[{"href":"https:\/\/ggwsf.org\/wordpress\/wp-json\/wp\/v2\/media?parent=14620"}],"wp:term":[{"taxonomy":"category","embeddable":true,"href":"https:\/\/ggwsf.org\/wordpress\/wp-json\/wp\/v2\/categories?post=14620"},{"taxonomy":"post_tag","embeddable":true,"href":"https:\/\/ggwsf.org\/wordpress\/wp-json\/wp\/v2\/tags?post=14620"}],"curies":[{"name":"wp","href":"https:\/\/api.w.org\/{rel}","templated":true}]}}