{"id":99,"date":"2019-02-01T23:05:45","date_gmt":"2019-02-01T22:05:45","guid":{"rendered":"http:\/\/wordpress.kladih.de\/wordpress\/?p=99"},"modified":"2019-02-01T23:05:45","modified_gmt":"2019-02-01T22:05:45","slug":"gelungene-musicalpremiere","status":"publish","type":"post","link":"https:\/\/ggwsf.org\/wordpress\/2019\/02\/01\/gelungene-musicalpremiere\/","title":{"rendered":"Gelungene Musicalpremiere!"},"content":{"rendered":"<p>Am Freitag, 01. Februar 2019, fand nach fast zwei Jahren intensiver Vorbereitungen und Proben die gro\u00dfe Premiere des Musicals &#8220;Robin Hood&#8221; statt. Frau Teichert (musikal. Leitung), Frau Jordan (Regie) haben gemeinsam mit Herrn Zander (Kulisse) und Frau Kunze (Choreografie) wieder eine tolle Arbeit mit den Sch\u00fclern geleistet. Davon konnte sich die Sch\u00fclerschaft bereits am Donnerstag \u00fcberzeugen.<\/p>\n<p>Zur Premiere kamen Eltern, Freunde der Schule und sogar der Bildungsminister von Sachsen-Anhalt, Marco Tullner lie\u00df es sich nicht nehmen, in die Aula zu kommen. Landrat G\u00f6tz Ulrich nahm ebenso wie Oberb\u00fcrgermeister Robby Risch und weitere Vertreter aus Politik und Wirtschaft teil.<\/p>\n<p>Nach den bisherigen Musicals wie &#8220;Tabaluga und Lilli&#8221;, &#8220;Joseph und seine Br\u00fcder&#8221;, &#8220;Dracula&#8221;, &#8220;Das Dschungelbuch&#8221;, &#8220;Linie 1&#8221;, &#8220;Grease&#8221; oder zuletzt &#8220;Elixier&#8221; nehmen die Akteure den Zuschauer in diesem Jahr mit ins Jahr 1194. &#8220;Robin Hood&#8221;, ein Musical von Martin Doepke und Elke Schlimbach, besticht durch aufwendige Kost\u00fcme, eing\u00e4ngige Melodien und einer spannenden Geschichte.  Der Gallissas-Verlag gab dem Gymnasium in Wei\u00dfenfels die Auff\u00fchrungsrechte und so begannen vor \u00fcber einem Jahr die Proben.<\/p>\n<p><!--more--><\/p>\n<p>Aber worum geht es?<\/p>\n<p>W\u00e4hrend der Heimreise von K\u00f6nig Richard L\u00f6wenherz aus dem 3. Kreuzzug wird er von Herzog Leopold in \u00d6sterreich gefangen genommen und an Heinrich IV. ausgeliefert. Robin von Locksley soll die L\u00f6segeldforderung von 100.000 Silbermark \u00fcberbringen. So kehrt er im Jahre 1194 in seine Heimat zur\u00fcck. W\u00e4hrenddessen wird England von Prinz John, dem Bruder Richards, seiner machthungrigen Frau Isabelle, dem Bischof von Herford und dem Sheriff von Nottingham regiert.  Es kommt zum Eklat, da Robin Partei  f\u00fcr\u2019s Volk ergreift, er wird ge\u00e4chtet und die Raubz\u00fcge nach dem Motto \u201eNehmt den Reichen und gebt den Armen\u201c beginnen.<\/p>\n<p><img loading=\"lazy\" decoding=\"async\" src=\"http:\/\/ggwsf.org\/wordpress\/wp-content\/uploads\/2019\/03\/Robin_Hood.jpg\" alt=\"\" width=\"800\" height=\"600\" class=\"alignnone size-full wp-image-103\" srcset=\"https:\/\/ggwsf.org\/wordpress\/wp-content\/uploads\/2019\/03\/Robin_Hood.jpg 800w, https:\/\/ggwsf.org\/wordpress\/wp-content\/uploads\/2019\/03\/Robin_Hood-300x225.jpg 300w, https:\/\/ggwsf.org\/wordpress\/wp-content\/uploads\/2019\/03\/Robin_Hood-768x576.jpg 768w\" sizes=\"auto, (max-width: 800px) 100vw, 800px\" \/><\/p>\n<p>Unser Bildungsminister Marco Tullner (@Marco Tullner) hat getwittert:<br \/>\n&#8220;Grandioser Musical-Abend. ROBIN HOOD am Gothegymnasium Wei\u00dfenfels. Beeindruckend, was Sch\u00fcler und Lehrer auf die Beine stellen.<br \/>\n Chapeau.;-)&#8221; <a href=\"https:\/\/t.co\/j7e6HqX99P\" target=\"_blank\" rel=\"noopener noreferrer\">hier geht&#8217;s direkt zum Tweet<\/a><\/p>\n","protected":false},"excerpt":{"rendered":"<p>Am Freitag, 01. Februar 2019, fand nach fast zwei Jahren intensiver Vorbereitungen und Proben die gro\u00dfe Premiere des Musicals &#8220;Robin Hood&#8221; statt. Frau Teichert (musikal. Leitung), Frau Jordan (Regie) haben gemeinsam mit Herrn Zander (Kulisse) und Frau Kunze (Choreografie) wieder eine tolle Arbeit mit den Sch\u00fclern geleistet. Davon konnte sich die Sch\u00fclerschaft bereits am Donnerstag &hellip; <a href=\"https:\/\/ggwsf.org\/wordpress\/2019\/02\/01\/gelungene-musicalpremiere\/\" class=\"more-link\"><span class=\"screen-reader-text\">Gelungene Musicalpremiere!<\/span> weiterlesen <span class=\"meta-nav\">&rarr;<\/span><\/a><\/p>\n","protected":false},"author":1,"featured_media":0,"comment_status":"closed","ping_status":"open","sticky":false,"template":"","format":"standard","meta":{"footnotes":""},"categories":[2],"tags":[],"class_list":["post-99","post","type-post","status-publish","format-standard","hentry","category-kunst-und-kultur"],"_links":{"self":[{"href":"https:\/\/ggwsf.org\/wordpress\/wp-json\/wp\/v2\/posts\/99","targetHints":{"allow":["GET"]}}],"collection":[{"href":"https:\/\/ggwsf.org\/wordpress\/wp-json\/wp\/v2\/posts"}],"about":[{"href":"https:\/\/ggwsf.org\/wordpress\/wp-json\/wp\/v2\/types\/post"}],"author":[{"embeddable":true,"href":"https:\/\/ggwsf.org\/wordpress\/wp-json\/wp\/v2\/users\/1"}],"replies":[{"embeddable":true,"href":"https:\/\/ggwsf.org\/wordpress\/wp-json\/wp\/v2\/comments?post=99"}],"version-history":[{"count":0,"href":"https:\/\/ggwsf.org\/wordpress\/wp-json\/wp\/v2\/posts\/99\/revisions"}],"wp:attachment":[{"href":"https:\/\/ggwsf.org\/wordpress\/wp-json\/wp\/v2\/media?parent=99"}],"wp:term":[{"taxonomy":"category","embeddable":true,"href":"https:\/\/ggwsf.org\/wordpress\/wp-json\/wp\/v2\/categories?post=99"},{"taxonomy":"post_tag","embeddable":true,"href":"https:\/\/ggwsf.org\/wordpress\/wp-json\/wp\/v2\/tags?post=99"}],"curies":[{"name":"wp","href":"https:\/\/api.w.org\/{rel}","templated":true}]}}